{"id":3085,"date":"2025-12-15T14:49:19","date_gmt":"2025-12-15T17:49:19","guid":{"rendered":"https:\/\/recreiolab.websiteintest.com.br\/?post_type=noticias&#038;p=3085"},"modified":"2025-12-15T16:36:19","modified_gmt":"2025-12-15T19:36:19","slug":"primeira-turma-de-formandos-do-recreio-lab-pronta-para-novos-aprendizados","status":"publish","type":"noticias","link":"https:\/\/recreiolab.websiteintest.com.br\/?noticias=primeira-turma-de-formandos-do-recreio-lab-pronta-para-novos-aprendizados","title":{"rendered":"Primeira turma de formandos\u00a0do Recreio LAB\u00a0pronta\u00a0para novos aprendizados\u00a0"},"content":{"rendered":"\n<p>O Recreio LAB comemorou um marco especial neste fim de 2025: a sua primeira turma de formandos. Sete alunos conclu\u00edram suas atividades no LAB, ap\u00f3s dois anos de aprendizado e experi\u00eancias que v\u00e3o muito al\u00e9m do ensino tradicional. A cerim\u00f4nia de formatura foi realizada no dia 12 de dezembro, com a presen\u00e7a das fam\u00edlias.&nbsp; &nbsp;<\/p>\n\n\n\n<p>Ao completar 11 anos de idade, eles deixam o projeto preparados para novos desafios. Durante esse per\u00edodo, os estudantes desenvolveram habilidades essenciais, como leitura, escrita e comunica\u00e7\u00e3o na l\u00edngua inglesa. Hoje, entendem comandos e a\u00e7\u00f5es em ingl\u00eas, possuem no\u00e7\u00f5es de pron\u00fancia correta e conseguem se expressar com seguran\u00e7a. Mais do que isso, o LAB proporcionou um ambiente que estimulou o crescimento social, a intera\u00e7\u00e3o e a comunica\u00e7\u00e3o, al\u00e9m de refor\u00e7ar valores importantes por meio da participa\u00e7\u00e3o nas&nbsp;Houses, que promovem esp\u00edrito de equipe e colabora\u00e7\u00e3o. &nbsp;<\/p>\n\n\n\n<p>\u201cNossos cora\u00e7\u00f5es est\u00e3o cheios de orgulho. Voc\u00eas aprenderam a fazer perguntas, a sonhar. Foi uma semente plantada para o futuro. Parab\u00e9ns por conclu\u00edrem sua jornada aqui. Muita sorte em suas novas aventuras\u201d, disse o diretor do LAB, Daniel Reta, ao entregar o diploma aos formandos.&nbsp; &nbsp;<\/p>\n\n\n\n<p>\u201cAgrade\u00e7o \u00e0s fam\u00edlias por terem acreditado no Recreio LAB. Este projeto \u00e9 uma realidade que j\u00e1 est\u00e1 sendo apresentada para outros clubes do pa\u00eds. \u00c9 uma alegria celebrar esse momento com voc\u00eas. Parab\u00e9ns aos formandos\u201d, disse o presidente Executivo do RJ, Diego&nbsp;Biglia, que tamb\u00e9m participou da cerim\u00f4nia. &nbsp;<\/p>\n\n\n\n<p>A formatura incluiu momentos de agradecimento \u00e0s fam\u00edlias e homenagens aos professores. O&nbsp;professor&nbsp;Luan Alencastro foi o homenageado de honra desta turma de formandos. &nbsp;<\/p>\n\n\n\n<p>Agora, as crian\u00e7as t\u00eam a oportunidade de seguir evoluindo no High LAB, um espa\u00e7o voltado para aprofundar ainda mais o conhecimento e a viv\u00eancia em ingl\u00eas.&nbsp; &nbsp;<\/p>\n\n\n\n<p>Formandos<\/p>\n\n\n\n<p><em>Ant\u00f4nio&nbsp;Zanettini&nbsp;D&#8217;Agostini, 11 anos&nbsp;<\/em><\/p>\n\n\n\n<p><em>Jo\u00e3o Pedro Rodriguez Valentini, 10 anos&nbsp;<\/em><\/p>\n\n\n\n<p><em>Giulia Piccoli Vilela, 10 anos&nbsp;<\/em><\/p>\n\n\n\n<p><em>Catharina&nbsp;Sikelero&nbsp;Zanettini, 11 anos<\/em><\/p>\n\n\n\n<p><em>Thor&nbsp;Rettore&nbsp;Pinto, 11 anos&nbsp;<\/em><\/p>\n\n\n\n<p><em>Luis&nbsp;Gustavo Lorandi Valduga, 12 anos&nbsp;<\/em><\/p>\n\n\n\n<p><em>Isabela&nbsp;Kilder&nbsp;Andrade, 10 anos<\/em><\/p>\n\n\n\n<p><a href=\"https:\/\/recreiolab.websiteintest.com.br\/?galerias=formatura-do-recreio-lab\">Clique e acesse mais fotos na galeria&nbsp;<\/a><\/p>\n","protected":false},"excerpt":{"rendered":"<p>O Recreio LAB comemorou um marco especial neste fim de 2025: a sua primeira turma de formandos. Sete alunos conclu\u00edram suas atividades no LAB, ap\u00f3s dois anos de aprendizado e experi\u00eancias que v\u00e3o muito al\u00e9m do ensino tradicional. A cerim\u00f4nia de formatura foi realizada no dia 12 de dezembro, com a presen\u00e7a das fam\u00edlias.&nbsp; &nbsp; [&hellip;]<\/p>\n","protected":false},"author":3,"featured_media":3070,"template":"","class_list":["post-3085","noticias","type-noticias","status-publish","has-post-thumbnail","hentry"],"yoast_head":"<!-- This site is optimized with the Yoast SEO plugin v21.5 - https:\/\/yoast.com\/wordpress\/plugins\/seo\/ -->\n<title>Primeira turma de formandos\u00a0do Recreio LAB\u00a0pronta\u00a0para novos aprendizados\u00a0 - Recreio LAB<\/title>\n<meta name=\"robots\" content=\"index, follow, max-snippet:-1, max-image-preview:large, max-video-preview:-1\" \/>\n<link rel=\"canonical\" href=\"https:\/\/recreiolab.websiteintest.com.br\/?noticias=primeira-turma-de-formandos-do-recreio-lab-pronta-para-novos-aprendizados\" \/>\n<meta property=\"og:locale\" content=\"pt_BR\" \/>\n<meta property=\"og:type\" content=\"article\" \/>\n<meta property=\"og:title\" content=\"Primeira turma de formandos\u00a0do Recreio LAB\u00a0pronta\u00a0para novos aprendizados\u00a0 - Recreio LAB\" \/>\n<meta property=\"og:description\" content=\"O Recreio LAB comemorou um marco especial neste fim de 2025: a sua primeira turma de formandos. Sete alunos conclu\u00edram suas atividades no LAB, ap\u00f3s dois anos de aprendizado e experi\u00eancias que v\u00e3o muito al\u00e9m do ensino tradicional. A cerim\u00f4nia de formatura foi realizada no dia 12 de dezembro, com a presen\u00e7a das fam\u00edlias.&nbsp; &nbsp; [&hellip;]\" \/>\n<meta property=\"og:url\" content=\"https:\/\/recreiolab.websiteintest.com.br\/?noticias=primeira-turma-de-formandos-do-recreio-lab-pronta-para-novos-aprendizados\" \/>\n<meta property=\"og:site_name\" content=\"Recreio LAB\" \/>\n<meta property=\"article:modified_time\" content=\"2025-12-15T19:36:19+00:00\" \/>\n<meta property=\"og:image\" content=\"https:\/\/recreiolab.websiteintest.com.br\/wp-content\/uploads\/2025\/12\/IMG_9402-scaled.jpg\" \/>\n\t<meta property=\"og:image:width\" content=\"2560\" \/>\n\t<meta property=\"og:image:height\" content=\"1707\" \/>\n\t<meta property=\"og:image:type\" content=\"image\/jpeg\" \/>\n<meta name=\"twitter:card\" content=\"summary_large_image\" \/>\n<meta name=\"twitter:label1\" content=\"Est. tempo de leitura\" \/>\n\t<meta name=\"twitter:data1\" content=\"2 minutos\" \/>\n<script type=\"application\/ld+json\" class=\"yoast-schema-graph\">{\"@context\":\"https:\/\/schema.org\",\"@graph\":[{\"@type\":\"WebPage\",\"@id\":\"https:\/\/recreiolab.websiteintest.com.br\/?noticias=primeira-turma-de-formandos-do-recreio-lab-pronta-para-novos-aprendizados\",\"url\":\"https:\/\/recreiolab.websiteintest.com.br\/?noticias=primeira-turma-de-formandos-do-recreio-lab-pronta-para-novos-aprendizados\",\"name\":\"Primeira turma de formandos\u00a0do Recreio LAB\u00a0pronta\u00a0para novos aprendizados\u00a0 - Recreio LAB\",\"isPartOf\":{\"@id\":\"https:\/\/recreiolab.websiteintest.com.br\/#website\"},\"datePublished\":\"2025-12-15T17:49:19+00:00\",\"dateModified\":\"2025-12-15T19:36:19+00:00\",\"breadcrumb\":{\"@id\":\"https:\/\/recreiolab.websiteintest.com.br\/?noticias=primeira-turma-de-formandos-do-recreio-lab-pronta-para-novos-aprendizados#breadcrumb\"},\"inLanguage\":\"pt-BR\",\"potentialAction\":[{\"@type\":\"ReadAction\",\"target\":[\"https:\/\/recreiolab.websiteintest.com.br\/?noticias=primeira-turma-de-formandos-do-recreio-lab-pronta-para-novos-aprendizados\"]}]},{\"@type\":\"BreadcrumbList\",\"@id\":\"https:\/\/recreiolab.websiteintest.com.br\/?noticias=primeira-turma-de-formandos-do-recreio-lab-pronta-para-novos-aprendizados#breadcrumb\",\"itemListElement\":[{\"@type\":\"ListItem\",\"position\":1,\"name\":\"In\u00edcio\",\"item\":\"https:\/\/recreiolab.websiteintest.com.br\/\"},{\"@type\":\"ListItem\",\"position\":2,\"name\":\"Not\u00edcias\",\"item\":\"https:\/\/recreiolab.websiteintest.com.br\/?post_type=noticias\"},{\"@type\":\"ListItem\",\"position\":3,\"name\":\"Primeira turma de formandos\u00a0do Recreio LAB\u00a0pronta\u00a0para novos aprendizados\u00a0\"}]},{\"@type\":\"WebSite\",\"@id\":\"https:\/\/recreiolab.websiteintest.com.br\/#website\",\"url\":\"https:\/\/recreiolab.websiteintest.com.br\/\",\"name\":\"Recreio LAB\",\"description\":\"\",\"publisher\":{\"@id\":\"https:\/\/recreiolab.websiteintest.com.br\/#organization\"},\"potentialAction\":[{\"@type\":\"SearchAction\",\"target\":{\"@type\":\"EntryPoint\",\"urlTemplate\":\"https:\/\/recreiolab.websiteintest.com.br\/?s={search_term_string}\"},\"query-input\":\"required name=search_term_string\"}],\"inLanguage\":\"pt-BR\"},{\"@type\":\"Organization\",\"@id\":\"https:\/\/recreiolab.websiteintest.com.br\/#organization\",\"name\":\"Recreio LAB\",\"url\":\"https:\/\/recreiolab.websiteintest.com.br\/\",\"logo\":{\"@type\":\"ImageObject\",\"inLanguage\":\"pt-BR\",\"@id\":\"https:\/\/recreiolab.websiteintest.com.br\/#\/schema\/logo\/image\/\",\"url\":\"https:\/\/recreiolab.websiteintest.com.br\/wp-content\/uploads\/2023\/11\/Logo-horizontal-com-slogan-1.png\",\"contentUrl\":\"https:\/\/recreiolab.websiteintest.com.br\/wp-content\/uploads\/2023\/11\/Logo-horizontal-com-slogan-1.png\",\"width\":1061,\"height\":184,\"caption\":\"Recreio LAB\"},\"image\":{\"@id\":\"https:\/\/recreiolab.websiteintest.com.br\/#\/schema\/logo\/image\/\"}}]}<\/script>\n<!-- \/ Yoast SEO plugin. -->","yoast_head_json":{"title":"Primeira turma de formandos\u00a0do Recreio LAB\u00a0pronta\u00a0para novos aprendizados\u00a0 - Recreio LAB","robots":{"index":"index","follow":"follow","max-snippet":"max-snippet:-1","max-image-preview":"max-image-preview:large","max-video-preview":"max-video-preview:-1"},"canonical":"https:\/\/recreiolab.websiteintest.com.br\/?noticias=primeira-turma-de-formandos-do-recreio-lab-pronta-para-novos-aprendizados","og_locale":"pt_BR","og_type":"article","og_title":"Primeira turma de formandos\u00a0do Recreio LAB\u00a0pronta\u00a0para novos aprendizados\u00a0 - Recreio LAB","og_description":"O Recreio LAB comemorou um marco especial neste fim de 2025: a sua primeira turma de formandos. Sete alunos conclu\u00edram suas atividades no LAB, ap\u00f3s dois anos de aprendizado e experi\u00eancias que v\u00e3o muito al\u00e9m do ensino tradicional. A cerim\u00f4nia de formatura foi realizada no dia 12 de dezembro, com a presen\u00e7a das fam\u00edlias.&nbsp; &nbsp; [&hellip;]","og_url":"https:\/\/recreiolab.websiteintest.com.br\/?noticias=primeira-turma-de-formandos-do-recreio-lab-pronta-para-novos-aprendizados","og_site_name":"Recreio LAB","article_modified_time":"2025-12-15T19:36:19+00:00","og_image":[{"width":2560,"height":1707,"url":"https:\/\/recreiolab.websiteintest.com.br\/wp-content\/uploads\/2025\/12\/IMG_9402-scaled.jpg","type":"image\/jpeg"}],"twitter_card":"summary_large_image","twitter_misc":{"Est. tempo de leitura":"2 minutos"},"schema":{"@context":"https:\/\/schema.org","@graph":[{"@type":"WebPage","@id":"https:\/\/recreiolab.websiteintest.com.br\/?noticias=primeira-turma-de-formandos-do-recreio-lab-pronta-para-novos-aprendizados","url":"https:\/\/recreiolab.websiteintest.com.br\/?noticias=primeira-turma-de-formandos-do-recreio-lab-pronta-para-novos-aprendizados","name":"Primeira turma de formandos\u00a0do Recreio LAB\u00a0pronta\u00a0para novos aprendizados\u00a0 - Recreio LAB","isPartOf":{"@id":"https:\/\/recreiolab.websiteintest.com.br\/#website"},"datePublished":"2025-12-15T17:49:19+00:00","dateModified":"2025-12-15T19:36:19+00:00","breadcrumb":{"@id":"https:\/\/recreiolab.websiteintest.com.br\/?noticias=primeira-turma-de-formandos-do-recreio-lab-pronta-para-novos-aprendizados#breadcrumb"},"inLanguage":"pt-BR","potentialAction":[{"@type":"ReadAction","target":["https:\/\/recreiolab.websiteintest.com.br\/?noticias=primeira-turma-de-formandos-do-recreio-lab-pronta-para-novos-aprendizados"]}]},{"@type":"BreadcrumbList","@id":"https:\/\/recreiolab.websiteintest.com.br\/?noticias=primeira-turma-de-formandos-do-recreio-lab-pronta-para-novos-aprendizados#breadcrumb","itemListElement":[{"@type":"ListItem","position":1,"name":"In\u00edcio","item":"https:\/\/recreiolab.websiteintest.com.br\/"},{"@type":"ListItem","position":2,"name":"Not\u00edcias","item":"https:\/\/recreiolab.websiteintest.com.br\/?post_type=noticias"},{"@type":"ListItem","position":3,"name":"Primeira turma de formandos\u00a0do Recreio LAB\u00a0pronta\u00a0para novos aprendizados\u00a0"}]},{"@type":"WebSite","@id":"https:\/\/recreiolab.websiteintest.com.br\/#website","url":"https:\/\/recreiolab.websiteintest.com.br\/","name":"Recreio LAB","description":"","publisher":{"@id":"https:\/\/recreiolab.websiteintest.com.br\/#organization"},"potentialAction":[{"@type":"SearchAction","target":{"@type":"EntryPoint","urlTemplate":"https:\/\/recreiolab.websiteintest.com.br\/?s={search_term_string}"},"query-input":"required name=search_term_string"}],"inLanguage":"pt-BR"},{"@type":"Organization","@id":"https:\/\/recreiolab.websiteintest.com.br\/#organization","name":"Recreio LAB","url":"https:\/\/recreiolab.websiteintest.com.br\/","logo":{"@type":"ImageObject","inLanguage":"pt-BR","@id":"https:\/\/recreiolab.websiteintest.com.br\/#\/schema\/logo\/image\/","url":"https:\/\/recreiolab.websiteintest.com.br\/wp-content\/uploads\/2023\/11\/Logo-horizontal-com-slogan-1.png","contentUrl":"https:\/\/recreiolab.websiteintest.com.br\/wp-content\/uploads\/2023\/11\/Logo-horizontal-com-slogan-1.png","width":1061,"height":184,"caption":"Recreio LAB"},"image":{"@id":"https:\/\/recreiolab.websiteintest.com.br\/#\/schema\/logo\/image\/"}}]}},"_links":{"self":[{"href":"https:\/\/recreiolab.websiteintest.com.br\/index.php?rest_route=\/wp\/v2\/noticias\/3085","targetHints":{"allow":["GET"]}}],"collection":[{"href":"https:\/\/recreiolab.websiteintest.com.br\/index.php?rest_route=\/wp\/v2\/noticias"}],"about":[{"href":"https:\/\/recreiolab.websiteintest.com.br\/index.php?rest_route=\/wp\/v2\/types\/noticias"}],"author":[{"embeddable":true,"href":"https:\/\/recreiolab.websiteintest.com.br\/index.php?rest_route=\/wp\/v2\/users\/3"}],"version-history":[{"count":2,"href":"https:\/\/recreiolab.websiteintest.com.br\/index.php?rest_route=\/wp\/v2\/noticias\/3085\/revisions"}],"predecessor-version":[{"id":3090,"href":"https:\/\/recreiolab.websiteintest.com.br\/index.php?rest_route=\/wp\/v2\/noticias\/3085\/revisions\/3090"}],"wp:featuredmedia":[{"embeddable":true,"href":"https:\/\/recreiolab.websiteintest.com.br\/index.php?rest_route=\/wp\/v2\/media\/3070"}],"wp:attachment":[{"href":"https:\/\/recreiolab.websiteintest.com.br\/index.php?rest_route=%2Fwp%2Fv2%2Fmedia&parent=3085"}],"curies":[{"name":"wp","href":"https:\/\/api.w.org\/{rel}","templated":true}]}}