{"id":3193,"date":"2026-03-17T16:38:13","date_gmt":"2026-03-17T19:38:13","guid":{"rendered":"https:\/\/recreiolab.websiteintest.com.br\/?post_type=noticias&#038;p=3193"},"modified":"2026-03-17T16:38:13","modified_gmt":"2026-03-17T19:38:13","slug":"matriculas-abertas-novas-vagas-no-recreio-lab-para-criancas-entre-5-e-11-anos","status":"publish","type":"noticias","link":"https:\/\/recreiolab.websiteintest.com.br\/?noticias=matriculas-abertas-novas-vagas-no-recreio-lab-para-criancas-entre-5-e-11-anos","title":{"rendered":"Matr\u00edculas abertas: novas vagas no\u00a0Recreio LAB\u00a0para crian\u00e7as entre 5 e 11 anos"},"content":{"rendered":"\n<p>\u2002As crian\u00e7as associadas do Recreio da Juventude\u00a0entre 5 e 11 anos ter\u00e3o a oportunidade de vivenciar as novas experi\u00eancias\u00a0e receber os est\u00edmulos que far\u00e3o\u00a0toda a diferen\u00e7a para o seu desenvolvimento.\u00a0\u00c9 no\u00a0Recreio LAB,\u00a0que\u00a0est\u00e1 com inscri\u00e7\u00f5es abertas para essas faixas et\u00e1rias. Os interessados podem entrar em contato pelo WhatsApp (54) 9 9653 3574.\u00a0<\/p>\n\n\n\n<p>Para os alunos de 5 a 7 anos, as aulas ser\u00e3o realizadas nas segundas, ter\u00e7as e quintas, com possibilidade de contrata\u00e7\u00e3o de atividades extras nas quartas, exceto o&nbsp;Cooking&nbsp;LAB.&nbsp;Para os alunos de 8 a 11 anos,&nbsp;as aulas acontecem das ter\u00e7as, quintas e sextas, com possibilidade de contrata\u00e7\u00e3o de atividades extras nas segundas e nas quartas.&nbsp;&nbsp;<\/p>\n\n\n\n<p>O Recreio LAB oferece atividades que estimulam o desenvolvimento de forma leve, divertida e educativa.&nbsp;O ensino acontece por meio de laborat\u00f3rios&nbsp;tem\u00e1ticos de aprendizagem em programa bil\u00edngue, com imers\u00e3o no ingl\u00eas.&nbsp;As atividades acompanham&nbsp;as etapas do desenvolvimento das crian\u00e7as.&nbsp;&nbsp;&nbsp;&nbsp;<\/p>\n\n\n\n<p>Entre os 5 e os 7 anos, por exemplo, o c\u00e9rebro&nbsp;infantil&nbsp;aprende mais r\u00e1pido do que em qualquer outra fase. Com os est\u00edmulos adequados eles ir\u00e3o desenvolver concentra\u00e7\u00e3o, autonomia, conviv\u00eancia social e criatividade.&nbsp;Quando maiores, entre 8 e 11 anos, elas deixam de aprender e come\u00e7am a descobrir quem s\u00e3o. \u00c9 uma fase importante para estimular desafios, criatividade, conviv\u00eancia em grupo e novas habilidades.&nbsp;&nbsp;<\/p>\n\n\n\n<p><strong>Recreio LAB &#8211; Matr\u00edculas abertas<\/strong><\/p>\n\n\n\n<p>Turmas de 5 a 7 anos e de&nbsp;8 a 11 anos&nbsp;<\/p>\n\n\n\n<p>Entre em contato pelo WhatsApp (54) 9 9653 3574&nbsp;<\/p>\n","protected":false},"excerpt":{"rendered":"<p>\u2002As crian\u00e7as associadas do Recreio da Juventude\u00a0entre 5 e 11 anos ter\u00e3o a oportunidade de vivenciar as novas experi\u00eancias\u00a0e receber os est\u00edmulos que far\u00e3o\u00a0toda a diferen\u00e7a para o seu desenvolvimento.\u00a0\u00c9 no\u00a0Recreio LAB,\u00a0que\u00a0est\u00e1 com inscri\u00e7\u00f5es abertas para essas faixas et\u00e1rias. Os interessados podem entrar em contato pelo WhatsApp (54) 9 9653 3574.\u00a0 Para os alunos de [&hellip;]<\/p>\n","protected":false},"author":3,"featured_media":3195,"template":"","class_list":["post-3193","noticias","type-noticias","status-publish","has-post-thumbnail","hentry"],"yoast_head":"<!-- This site is optimized with the Yoast SEO plugin v21.5 - https:\/\/yoast.com\/wordpress\/plugins\/seo\/ -->\n<title>Matr\u00edculas abertas: novas vagas no\u00a0Recreio LAB\u00a0para crian\u00e7as entre 5 e 11 anos - Recreio LAB<\/title>\n<meta name=\"description\" content=\"As atividades acompanham\u00a0as etapas do desenvolvimento das crian\u00e7as.\u00a0\u00a0\u00a0\u00a0\" \/>\n<meta name=\"robots\" content=\"index, follow, max-snippet:-1, max-image-preview:large, max-video-preview:-1\" \/>\n<link rel=\"canonical\" href=\"https:\/\/recreiolab.websiteintest.com.br\/?noticias=matriculas-abertas-novas-vagas-no-recreio-lab-para-criancas-entre-5-e-11-anos\" \/>\n<meta property=\"og:locale\" content=\"pt_BR\" \/>\n<meta property=\"og:type\" content=\"article\" \/>\n<meta property=\"og:title\" content=\"Matr\u00edculas abertas: novas vagas no\u00a0Recreio LAB\u00a0para crian\u00e7as entre 5 e 11 anos - Recreio LAB\" \/>\n<meta property=\"og:description\" content=\"As atividades acompanham\u00a0as etapas do desenvolvimento das crian\u00e7as.\u00a0\u00a0\u00a0\u00a0\" \/>\n<meta property=\"og:url\" content=\"https:\/\/recreiolab.websiteintest.com.br\/?noticias=matriculas-abertas-novas-vagas-no-recreio-lab-para-criancas-entre-5-e-11-anos\" \/>\n<meta property=\"og:site_name\" content=\"Recreio LAB\" \/>\n<meta property=\"og:image\" content=\"https:\/\/recreiolab.websiteintest.com.br\/wp-content\/uploads\/2026\/03\/DSC04873-1024x607.jpg\" \/>\n\t<meta property=\"og:image:width\" content=\"1024\" \/>\n\t<meta property=\"og:image:height\" content=\"607\" \/>\n\t<meta property=\"og:image:type\" content=\"image\/jpeg\" \/>\n<meta name=\"twitter:card\" content=\"summary_large_image\" \/>\n<meta name=\"twitter:label1\" content=\"Est. tempo de leitura\" \/>\n\t<meta name=\"twitter:data1\" content=\"2 minutos\" \/>\n<script type=\"application\/ld+json\" class=\"yoast-schema-graph\">{\"@context\":\"https:\/\/schema.org\",\"@graph\":[{\"@type\":\"WebPage\",\"@id\":\"https:\/\/recreiolab.websiteintest.com.br\/?noticias=matriculas-abertas-novas-vagas-no-recreio-lab-para-criancas-entre-5-e-11-anos\",\"url\":\"https:\/\/recreiolab.websiteintest.com.br\/?noticias=matriculas-abertas-novas-vagas-no-recreio-lab-para-criancas-entre-5-e-11-anos\",\"name\":\"Matr\u00edculas abertas: novas vagas no\u00a0Recreio LAB\u00a0para crian\u00e7as entre 5 e 11 anos - Recreio LAB\",\"isPartOf\":{\"@id\":\"https:\/\/recreiolab.websiteintest.com.br\/#website\"},\"datePublished\":\"2026-03-17T19:38:13+00:00\",\"dateModified\":\"2026-03-17T19:38:13+00:00\",\"description\":\"As atividades acompanham\u00a0as etapas do desenvolvimento das crian\u00e7as.\u00a0\u00a0\u00a0\u00a0\",\"breadcrumb\":{\"@id\":\"https:\/\/recreiolab.websiteintest.com.br\/?noticias=matriculas-abertas-novas-vagas-no-recreio-lab-para-criancas-entre-5-e-11-anos#breadcrumb\"},\"inLanguage\":\"pt-BR\",\"potentialAction\":[{\"@type\":\"ReadAction\",\"target\":[\"https:\/\/recreiolab.websiteintest.com.br\/?noticias=matriculas-abertas-novas-vagas-no-recreio-lab-para-criancas-entre-5-e-11-anos\"]}]},{\"@type\":\"BreadcrumbList\",\"@id\":\"https:\/\/recreiolab.websiteintest.com.br\/?noticias=matriculas-abertas-novas-vagas-no-recreio-lab-para-criancas-entre-5-e-11-anos#breadcrumb\",\"itemListElement\":[{\"@type\":\"ListItem\",\"position\":1,\"name\":\"In\u00edcio\",\"item\":\"https:\/\/recreiolab.websiteintest.com.br\/\"},{\"@type\":\"ListItem\",\"position\":2,\"name\":\"Not\u00edcias\",\"item\":\"https:\/\/recreiolab.websiteintest.com.br\/?post_type=noticias\"},{\"@type\":\"ListItem\",\"position\":3,\"name\":\"Matr\u00edculas abertas: novas vagas no\u00a0Recreio LAB\u00a0para crian\u00e7as entre 5 e 11 anos\"}]},{\"@type\":\"WebSite\",\"@id\":\"https:\/\/recreiolab.websiteintest.com.br\/#website\",\"url\":\"https:\/\/recreiolab.websiteintest.com.br\/\",\"name\":\"Recreio LAB\",\"description\":\"\",\"publisher\":{\"@id\":\"https:\/\/recreiolab.websiteintest.com.br\/#organization\"},\"potentialAction\":[{\"@type\":\"SearchAction\",\"target\":{\"@type\":\"EntryPoint\",\"urlTemplate\":\"https:\/\/recreiolab.websiteintest.com.br\/?s={search_term_string}\"},\"query-input\":\"required name=search_term_string\"}],\"inLanguage\":\"pt-BR\"},{\"@type\":\"Organization\",\"@id\":\"https:\/\/recreiolab.websiteintest.com.br\/#organization\",\"name\":\"Recreio LAB\",\"url\":\"https:\/\/recreiolab.websiteintest.com.br\/\",\"logo\":{\"@type\":\"ImageObject\",\"inLanguage\":\"pt-BR\",\"@id\":\"https:\/\/recreiolab.websiteintest.com.br\/#\/schema\/logo\/image\/\",\"url\":\"https:\/\/recreiolab.websiteintest.com.br\/wp-content\/uploads\/2023\/11\/Logo-horizontal-com-slogan-1.png\",\"contentUrl\":\"https:\/\/recreiolab.websiteintest.com.br\/wp-content\/uploads\/2023\/11\/Logo-horizontal-com-slogan-1.png\",\"width\":1061,\"height\":184,\"caption\":\"Recreio LAB\"},\"image\":{\"@id\":\"https:\/\/recreiolab.websiteintest.com.br\/#\/schema\/logo\/image\/\"}}]}<\/script>\n<!-- \/ Yoast SEO plugin. -->","yoast_head_json":{"title":"Matr\u00edculas abertas: novas vagas no\u00a0Recreio LAB\u00a0para crian\u00e7as entre 5 e 11 anos - Recreio LAB","description":"As atividades acompanham\u00a0as etapas do desenvolvimento das crian\u00e7as.\u00a0\u00a0\u00a0\u00a0","robots":{"index":"index","follow":"follow","max-snippet":"max-snippet:-1","max-image-preview":"max-image-preview:large","max-video-preview":"max-video-preview:-1"},"canonical":"https:\/\/recreiolab.websiteintest.com.br\/?noticias=matriculas-abertas-novas-vagas-no-recreio-lab-para-criancas-entre-5-e-11-anos","og_locale":"pt_BR","og_type":"article","og_title":"Matr\u00edculas abertas: novas vagas no\u00a0Recreio LAB\u00a0para crian\u00e7as entre 5 e 11 anos - Recreio LAB","og_description":"As atividades acompanham\u00a0as etapas do desenvolvimento das crian\u00e7as.\u00a0\u00a0\u00a0\u00a0","og_url":"https:\/\/recreiolab.websiteintest.com.br\/?noticias=matriculas-abertas-novas-vagas-no-recreio-lab-para-criancas-entre-5-e-11-anos","og_site_name":"Recreio LAB","og_image":[{"width":1024,"height":607,"url":"https:\/\/recreiolab.websiteintest.com.br\/wp-content\/uploads\/2026\/03\/DSC04873-1024x607.jpg","type":"image\/jpeg"}],"twitter_card":"summary_large_image","twitter_misc":{"Est. tempo de leitura":"2 minutos"},"schema":{"@context":"https:\/\/schema.org","@graph":[{"@type":"WebPage","@id":"https:\/\/recreiolab.websiteintest.com.br\/?noticias=matriculas-abertas-novas-vagas-no-recreio-lab-para-criancas-entre-5-e-11-anos","url":"https:\/\/recreiolab.websiteintest.com.br\/?noticias=matriculas-abertas-novas-vagas-no-recreio-lab-para-criancas-entre-5-e-11-anos","name":"Matr\u00edculas abertas: novas vagas no\u00a0Recreio LAB\u00a0para crian\u00e7as entre 5 e 11 anos - Recreio LAB","isPartOf":{"@id":"https:\/\/recreiolab.websiteintest.com.br\/#website"},"datePublished":"2026-03-17T19:38:13+00:00","dateModified":"2026-03-17T19:38:13+00:00","description":"As atividades acompanham\u00a0as etapas do desenvolvimento das crian\u00e7as.\u00a0\u00a0\u00a0\u00a0","breadcrumb":{"@id":"https:\/\/recreiolab.websiteintest.com.br\/?noticias=matriculas-abertas-novas-vagas-no-recreio-lab-para-criancas-entre-5-e-11-anos#breadcrumb"},"inLanguage":"pt-BR","potentialAction":[{"@type":"ReadAction","target":["https:\/\/recreiolab.websiteintest.com.br\/?noticias=matriculas-abertas-novas-vagas-no-recreio-lab-para-criancas-entre-5-e-11-anos"]}]},{"@type":"BreadcrumbList","@id":"https:\/\/recreiolab.websiteintest.com.br\/?noticias=matriculas-abertas-novas-vagas-no-recreio-lab-para-criancas-entre-5-e-11-anos#breadcrumb","itemListElement":[{"@type":"ListItem","position":1,"name":"In\u00edcio","item":"https:\/\/recreiolab.websiteintest.com.br\/"},{"@type":"ListItem","position":2,"name":"Not\u00edcias","item":"https:\/\/recreiolab.websiteintest.com.br\/?post_type=noticias"},{"@type":"ListItem","position":3,"name":"Matr\u00edculas abertas: novas vagas no\u00a0Recreio LAB\u00a0para crian\u00e7as entre 5 e 11 anos"}]},{"@type":"WebSite","@id":"https:\/\/recreiolab.websiteintest.com.br\/#website","url":"https:\/\/recreiolab.websiteintest.com.br\/","name":"Recreio LAB","description":"","publisher":{"@id":"https:\/\/recreiolab.websiteintest.com.br\/#organization"},"potentialAction":[{"@type":"SearchAction","target":{"@type":"EntryPoint","urlTemplate":"https:\/\/recreiolab.websiteintest.com.br\/?s={search_term_string}"},"query-input":"required name=search_term_string"}],"inLanguage":"pt-BR"},{"@type":"Organization","@id":"https:\/\/recreiolab.websiteintest.com.br\/#organization","name":"Recreio LAB","url":"https:\/\/recreiolab.websiteintest.com.br\/","logo":{"@type":"ImageObject","inLanguage":"pt-BR","@id":"https:\/\/recreiolab.websiteintest.com.br\/#\/schema\/logo\/image\/","url":"https:\/\/recreiolab.websiteintest.com.br\/wp-content\/uploads\/2023\/11\/Logo-horizontal-com-slogan-1.png","contentUrl":"https:\/\/recreiolab.websiteintest.com.br\/wp-content\/uploads\/2023\/11\/Logo-horizontal-com-slogan-1.png","width":1061,"height":184,"caption":"Recreio LAB"},"image":{"@id":"https:\/\/recreiolab.websiteintest.com.br\/#\/schema\/logo\/image\/"}}]}},"_links":{"self":[{"href":"https:\/\/recreiolab.websiteintest.com.br\/index.php?rest_route=\/wp\/v2\/noticias\/3193","targetHints":{"allow":["GET"]}}],"collection":[{"href":"https:\/\/recreiolab.websiteintest.com.br\/index.php?rest_route=\/wp\/v2\/noticias"}],"about":[{"href":"https:\/\/recreiolab.websiteintest.com.br\/index.php?rest_route=\/wp\/v2\/types\/noticias"}],"author":[{"embeddable":true,"href":"https:\/\/recreiolab.websiteintest.com.br\/index.php?rest_route=\/wp\/v2\/users\/3"}],"version-history":[{"count":1,"href":"https:\/\/recreiolab.websiteintest.com.br\/index.php?rest_route=\/wp\/v2\/noticias\/3193\/revisions"}],"predecessor-version":[{"id":3196,"href":"https:\/\/recreiolab.websiteintest.com.br\/index.php?rest_route=\/wp\/v2\/noticias\/3193\/revisions\/3196"}],"wp:featuredmedia":[{"embeddable":true,"href":"https:\/\/recreiolab.websiteintest.com.br\/index.php?rest_route=\/wp\/v2\/media\/3195"}],"wp:attachment":[{"href":"https:\/\/recreiolab.websiteintest.com.br\/index.php?rest_route=%2Fwp%2Fv2%2Fmedia&parent=3193"}],"curies":[{"name":"wp","href":"https:\/\/api.w.org\/{rel}","templated":true}]}}